{"id":24283,"date":"2017-06-08T13:44:10","date_gmt":"2017-06-08T16:44:10","guid":{"rendered":"http:\/\/cordisburgo.mg.gov.br\/patrimonio\/?p=24283"},"modified":"2017-11-08T13:48:17","modified_gmt":"2017-11-08T16:48:17","slug":"relatorio-educacao-patrimonial-2017-e-m-octacilio-negrao-de-lima-5o-ano","status":"publish","type":"post","link":"https:\/\/cordisburgo.mg.gov.br\/patrimonio\/relatorios\/relatorio-educacao-patrimonial-2017-e-m-octacilio-negrao-de-lima-5o-ano\/","title":{"rendered":"RELAT\u00d3RIO EDUCA\u00c7\u00c3O PATRIMONIAL 2017 &#8211; PATRIM\u00d4NIO CULTURAL &#8211; E.M \u201cOCTAC\u00cdLIO NEGR\u00c3O DE LIMA&#8221; &#8211; 5\u00ba ANO"},"content":{"rendered":"<p><a href=\"https:\/\/drive.google.com\/file\/d\/1-aCd4u2vD_5Ur0rQCffm2sCsE-gASi-p\/view?usp=sharing\">RELAT\u00d3RIO EDUCA\u00c7\u00c3O PATRIMONIAL 2017 &#8211; E.M.&#8221;OCTAC\u00cdLIO NEGR\u00c3O DE LIMA&#8221; &#8211; 5\u00ba ANO<\/a><\/p>\n","protected":false},"excerpt":{"rendered":"<p>RELAT\u00d3RIO EDUCA\u00c7\u00c3O PATRIMONIAL 2017 &#8211; E.M.&#8221;OCTAC\u00cdLIO NEGR\u00c3O DE LIMA&#8221; &#8211; 5\u00ba ANO<\/p>\n","protected":false},"author":1,"featured_media":0,"comment_status":"closed","ping_status":"open","sticky":false,"template":"","format":"standard","meta":{"_acf_changed":false,"footnotes":""},"categories":[60],"tags":[],"class_list":["post-24283","post","type-post","status-publish","format-standard","hentry","category-relatorios"],"acf":[],"_links":{"self":[{"href":"https:\/\/cordisburgo.mg.gov.br\/patrimonio\/wp-json\/wp\/v2\/posts\/24283","targetHints":{"allow":["GET"]}}],"collection":[{"href":"https:\/\/cordisburgo.mg.gov.br\/patrimonio\/wp-json\/wp\/v2\/posts"}],"about":[{"href":"https:\/\/cordisburgo.mg.gov.br\/patrimonio\/wp-json\/wp\/v2\/types\/post"}],"author":[{"embeddable":true,"href":"https:\/\/cordisburgo.mg.gov.br\/patrimonio\/wp-json\/wp\/v2\/users\/1"}],"replies":[{"embeddable":true,"href":"https:\/\/cordisburgo.mg.gov.br\/patrimonio\/wp-json\/wp\/v2\/comments?post=24283"}],"version-history":[{"count":5,"href":"https:\/\/cordisburgo.mg.gov.br\/patrimonio\/wp-json\/wp\/v2\/posts\/24283\/revisions"}],"predecessor-version":[{"id":24290,"href":"https:\/\/cordisburgo.mg.gov.br\/patrimonio\/wp-json\/wp\/v2\/posts\/24283\/revisions\/24290"}],"wp:attachment":[{"href":"https:\/\/cordisburgo.mg.gov.br\/patrimonio\/wp-json\/wp\/v2\/media?parent=24283"}],"wp:term":[{"taxonomy":"category","embeddable":true,"href":"https:\/\/cordisburgo.mg.gov.br\/patrimonio\/wp-json\/wp\/v2\/categories?post=24283"},{"taxonomy":"post_tag","embeddable":true,"href":"https:\/\/cordisburgo.mg.gov.br\/patrimonio\/wp-json\/wp\/v2\/tags?post=24283"}],"curies":[{"name":"wp","href":"https:\/\/api.w.org\/{rel}","templated":true}]}}