{"id":7408,"date":"1986-04-15T16:13:21","date_gmt":"1986-04-15T19:13:21","guid":{"rendered":"https:\/\/cordisburgo.cam.mg.gov.br\/?p=7408"},"modified":"1986-04-15T16:13:21","modified_gmt":"1986-04-15T19:13:21","slug":"lei-municipal-no-890-1-986","status":"publish","type":"post","link":"https:\/\/cordisburgo.mg.gov.br\/legislacao\/leis\/lei-municipal-no-890-1-986\/","title":{"rendered":"Lei Municipal n\u00ba 890\/1.986."},"content":{"rendered":"<p><a href=\"https:\/\/cordisburgo.cam.mg.gov.br\/wp-content\/uploads\/2019\/07\/Lei-0890-1.doc\">Lei 0890<\/a><\/p>\n<p><strong><u>LEI N\u00ba. 890<\/u><\/strong><\/p>\n<p><strong><u>\u00a0<\/u><\/strong><\/p>\n<p><strong>\u00a0<\/strong><\/p>\n<p><strong>CONCEDE O T\u00cdTULO DE &#8220;CIDAD\u00c3O BENEM\u00c9RITO DE CORDISBURGO&#8221;, AO GOVERNADOR DO DISTRITO FEDERAL DR. JOS\u00c9 APARECIDO DE OLIVEIRA.<\/strong><\/p>\n<p><strong>\u00a0<\/strong><\/p>\n<p><strong>\u00a0<\/strong><\/p>\n<p>Art. 1\u00ba &#8211; Fica concedido o t\u00edtulo de &#8220;cidad\u00e3o benem\u00e9rito de Cordisburgo&#8221; ao Governador do Distrito Federal Dr. Jos\u00e9 Aparecido de Oliveira.<\/p>\n<p>&nbsp;<\/p>\n<p>Art. 2\u00ba &#8211; Caber\u00e1 ao chefe do Executivo Municipal determinar a data solene para a entrega do diploma concedido.<\/p>\n<p>&nbsp;<\/p>\n<p>Art. 3\u00ba &#8211; Revogam-se as disposi\u00e7\u00f5es em contr\u00e1rio, entrando esta Lei em vigor na data de sua publica\u00e7\u00e3o.<\/p>\n<p>&nbsp;<\/p>\n<p>Prefeitura Municipal de Cordisburgo, aos 15 de Abril de 1.986.<\/p>\n<p>&nbsp;<\/p>\n<p><u>Geraldo Jos\u00e9 Martins.<\/u><\/p>\n<p>Prefeito Municipal.<\/p>\n<p>&nbsp;<\/p>\n","protected":false},"excerpt":{"rendered":"<p>Lei 0890 LEI N\u00ba. 890 \u00a0 \u00a0 CONCEDE O T\u00cdTULO DE &#8220;CIDAD\u00c3O BENEM\u00c9RITO DE CORDISBURGO&#8221;, AO GOVERNADOR DO DISTRITO FEDERAL DR. JOS\u00c9 APARECIDO DE OLIVEIRA. \u00a0 \u00a0 Art. 1\u00ba &#8211; Fica concedido o t\u00edtulo de &#8220;cidad\u00e3o benem\u00e9rito de Cordisburgo&#8221; ao Governador do Distrito Federal Dr. Jos\u00e9 Aparecido de Oliveira. &nbsp; Art. 2\u00ba &#8211; Caber\u00e1 ao &hellip;<\/p>\n","protected":false},"author":1,"featured_media":0,"comment_status":"open","ping_status":"open","sticky":false,"template":"","format":"standard","meta":{"_acf_changed":false,"footnotes":""},"categories":[73],"tags":[],"class_list":["post-7408","post","type-post","status-publish","format-standard","hentry","category-leis"],"acf":[],"_links":{"self":[{"href":"https:\/\/cordisburgo.mg.gov.br\/legislacao\/wp-json\/wp\/v2\/posts\/7408","targetHints":{"allow":["GET"]}}],"collection":[{"href":"https:\/\/cordisburgo.mg.gov.br\/legislacao\/wp-json\/wp\/v2\/posts"}],"about":[{"href":"https:\/\/cordisburgo.mg.gov.br\/legislacao\/wp-json\/wp\/v2\/types\/post"}],"author":[{"embeddable":true,"href":"https:\/\/cordisburgo.mg.gov.br\/legislacao\/wp-json\/wp\/v2\/users\/1"}],"replies":[{"embeddable":true,"href":"https:\/\/cordisburgo.mg.gov.br\/legislacao\/wp-json\/wp\/v2\/comments?post=7408"}],"version-history":[{"count":0,"href":"https:\/\/cordisburgo.mg.gov.br\/legislacao\/wp-json\/wp\/v2\/posts\/7408\/revisions"}],"wp:attachment":[{"href":"https:\/\/cordisburgo.mg.gov.br\/legislacao\/wp-json\/wp\/v2\/media?parent=7408"}],"wp:term":[{"taxonomy":"category","embeddable":true,"href":"https:\/\/cordisburgo.mg.gov.br\/legislacao\/wp-json\/wp\/v2\/categories?post=7408"},{"taxonomy":"post_tag","embeddable":true,"href":"https:\/\/cordisburgo.mg.gov.br\/legislacao\/wp-json\/wp\/v2\/tags?post=7408"}],"curies":[{"name":"wp","href":"https:\/\/api.w.org\/{rel}","templated":true}]}}