{"id":5941,"date":"1994-12-02T10:02:56","date_gmt":"1994-12-02T13:02:56","guid":{"rendered":"https:\/\/cordisburgo.cam.mg.gov.br\/?p=5941"},"modified":"1994-12-02T10:02:56","modified_gmt":"1994-12-02T13:02:56","slug":"lei-municipal-no-1-218-1-994","status":"publish","type":"post","link":"https:\/\/cordisburgo.mg.gov.br\/legislacao\/leis\/lei-municipal-no-1-218-1-994\/","title":{"rendered":"Lei Municipal n\u00ba 1.218\/1.994."},"content":{"rendered":"<p><a href=\"https:\/\/cordisburgo.cam.mg.gov.br\/wp-content\/uploads\/2019\/04\/Lei-1.218.doc\">Lei 1.218<\/a><\/p>\n<p><strong><u>LEI N\u00ba 1.218<\/u><\/strong><\/p>\n<p><strong><u>\u00a0<\/u><\/strong><\/p>\n<p><strong>INSTITUI A \u201cGALERIA DOS EX-PRESIDENTES\u201d NA C\u00c2MARA MUNICIPAL DE CORDISBURGO.<\/strong><\/p>\n<p><strong>\u00a0<\/strong><\/p>\n<p>A C\u00e2mara Municipal de Cordisburgo resolve:<\/p>\n<p>&nbsp;<\/p>\n<p>Art. 1\u00ba &#8211; Fica institu\u00eddo na C\u00e2mara Municipal, a partir de Fevereiro de 1.995 e, em seguida car\u00e1ter permanente, a \u201cGaleria dos Ex-Presidentes\u201d.<\/p>\n<p>&nbsp;<\/p>\n<p>Art. 2\u00ba &#8211; A referida galeria consiste em preservar a hist\u00f3ria desta colenda casa.<\/p>\n<p>&nbsp;<\/p>\n<p>Art. 3\u00ba &#8211; As despesas decorrentes da presente Lei correr\u00e3o por conta de dota\u00e7\u00f5es pr\u00f3prias do or\u00e7amento vigente, podendo, se necess\u00e1rio, haver suplementa\u00e7\u00e3o na forma legal.<\/p>\n<p>&nbsp;<\/p>\n<p>Art. 4\u00ba &#8211; Revogadas as disposi\u00e7\u00f5es em contr\u00e1rio, esta Lei entrar\u00e1 em vigor na data de sua publica\u00e7\u00e3o.<\/p>\n<p>&nbsp;<\/p>\n<p>C\u00e2mara Municipal de Cordisburgo, aos 02 de Dezembro de 1.994.<\/p>\n<p>&nbsp;<\/p>\n<p><u>Geraldo Jos\u00e9 Martins.<\/u><\/p>\n<p>Prefeito Municipal de Cordisburgo<\/p>\n<p>&nbsp;<\/p>\n","protected":false},"excerpt":{"rendered":"<p>Lei 1.218 LEI N\u00ba 1.218 \u00a0 INSTITUI A \u201cGALERIA DOS EX-PRESIDENTES\u201d NA C\u00c2MARA MUNICIPAL DE CORDISBURGO. \u00a0 A C\u00e2mara Municipal de Cordisburgo resolve: &nbsp; Art. 1\u00ba &#8211; Fica institu\u00eddo na C\u00e2mara Municipal, a partir de Fevereiro de 1.995 e, em seguida car\u00e1ter permanente, a \u201cGaleria dos Ex-Presidentes\u201d. &nbsp; Art. 2\u00ba &#8211; A referida galeria consiste &hellip;<\/p>\n","protected":false},"author":1,"featured_media":0,"comment_status":"open","ping_status":"open","sticky":false,"template":"","format":"standard","meta":{"_acf_changed":false,"footnotes":""},"categories":[73],"tags":[],"class_list":["post-5941","post","type-post","status-publish","format-standard","hentry","category-leis"],"acf":[],"_links":{"self":[{"href":"https:\/\/cordisburgo.mg.gov.br\/legislacao\/wp-json\/wp\/v2\/posts\/5941","targetHints":{"allow":["GET"]}}],"collection":[{"href":"https:\/\/cordisburgo.mg.gov.br\/legislacao\/wp-json\/wp\/v2\/posts"}],"about":[{"href":"https:\/\/cordisburgo.mg.gov.br\/legislacao\/wp-json\/wp\/v2\/types\/post"}],"author":[{"embeddable":true,"href":"https:\/\/cordisburgo.mg.gov.br\/legislacao\/wp-json\/wp\/v2\/users\/1"}],"replies":[{"embeddable":true,"href":"https:\/\/cordisburgo.mg.gov.br\/legislacao\/wp-json\/wp\/v2\/comments?post=5941"}],"version-history":[{"count":0,"href":"https:\/\/cordisburgo.mg.gov.br\/legislacao\/wp-json\/wp\/v2\/posts\/5941\/revisions"}],"wp:attachment":[{"href":"https:\/\/cordisburgo.mg.gov.br\/legislacao\/wp-json\/wp\/v2\/media?parent=5941"}],"wp:term":[{"taxonomy":"category","embeddable":true,"href":"https:\/\/cordisburgo.mg.gov.br\/legislacao\/wp-json\/wp\/v2\/categories?post=5941"},{"taxonomy":"post_tag","embeddable":true,"href":"https:\/\/cordisburgo.mg.gov.br\/legislacao\/wp-json\/wp\/v2\/tags?post=5941"}],"curies":[{"name":"wp","href":"https:\/\/api.w.org\/{rel}","templated":true}]}}