{"id":5846,"date":"1996-08-02T10:27:55","date_gmt":"1996-08-02T13:27:55","guid":{"rendered":"https:\/\/cordisburgo.cam.mg.gov.br\/?p=5846"},"modified":"1996-08-02T10:27:55","modified_gmt":"1996-08-02T13:27:55","slug":"lei-municipal-no-1-247-1-996","status":"publish","type":"post","link":"https:\/\/cordisburgo.mg.gov.br\/legislacao\/leis\/lei-municipal-no-1-247-1-996\/","title":{"rendered":"Lei Municipal n\u00ba 1.247\/1.996."},"content":{"rendered":"<p><a href=\"https:\/\/cordisburgo.cam.mg.gov.br\/wp-content\/uploads\/2019\/04\/Lei-1.247.doc\">Lei 1.247<\/a><\/p>\n<h1><span style=\"font-size: 16px\">LEI N\u00ba 1.247<\/span><\/h1>\n<p>&nbsp;<\/p>\n<p><strong>CONCEDE ABONO SALARIAL AOS SERVIDORES DO PODER EXECUTIVO MUNICIPAL.<\/strong><\/p>\n<p>&nbsp;<\/p>\n<p>O Povo do Munic\u00edpio de Cordisburgo, por seus representantes, aprovou, e eu, Prefeito Municipal em seu nome, sanciono a seguinte Lei:<\/p>\n<p>&nbsp;<\/p>\n<p>Art. 1\u00ba &#8211; Todos os servidores que percebiam o sal\u00e1rio m\u00ednimo em Abril de 1.996, passar\u00e3o a perceber em Maio de 1.996, o sal\u00e1rio mensal de R$ 112,00 (Cento e doze reais).<\/p>\n<p>&nbsp;<\/p>\n<p>Art. 2\u00ba &#8211; Aos servidores que percebiam al\u00e9m do sal\u00e1rio m\u00ednimo do m\u00eas de Abril de 1.996, fica concedido o abono no valor de R$ 12,00 (doze reais) para cada sal\u00e1rio m\u00ednimo percebido.<\/p>\n<p>&nbsp;<\/p>\n<p>Art. 3\u00ba &#8211; Fica reajustado na forma os artigos 1\u00ba e 2\u00ba e nos mesmos crit\u00e9rios e data de vig\u00eancia, os proventos dos servidores aposentados, observados os valores atribu\u00eddos a igual categoria em atividade.<\/p>\n<p>&nbsp;<\/p>\n<p>Art. 4\u00ba &#8211; As despesas decorrentes desta Lei correr\u00e3o por conta das dota\u00e7\u00f5es or\u00e7ament\u00e1rias.<\/p>\n<p>&nbsp;<\/p>\n<p>Art. 5\u00ba &#8211; Revogam-se as disposi\u00e7\u00f5es em contr\u00e1rio, entrando em vigor esta Lei, na data de sua publica\u00e7\u00e3o com efeitos retroativos a 01 de maio de 1.996 a 31 de Dezembro de 1.996.<\/p>\n<p>&nbsp;<\/p>\n<p>Prefeitura Municipal de Cordisburgo, aos 02 de Agosto de 1.996.<\/p>\n<p><u>Geraldo Jos\u00e9 Martins.<\/u><\/p>\n<p>Prefeito Municipal de Cordisburgo.<\/p>\n","protected":false},"excerpt":{"rendered":"<p>Lei 1.247 LEI N\u00ba 1.247 &nbsp; CONCEDE ABONO SALARIAL AOS SERVIDORES DO PODER EXECUTIVO MUNICIPAL. &nbsp; O Povo do Munic\u00edpio de Cordisburgo, por seus representantes, aprovou, e eu, Prefeito Municipal em seu nome, sanciono a seguinte Lei: &nbsp; Art. 1\u00ba &#8211; Todos os servidores que percebiam o sal\u00e1rio m\u00ednimo em Abril de 1.996, passar\u00e3o a &hellip;<\/p>\n","protected":false},"author":1,"featured_media":0,"comment_status":"open","ping_status":"open","sticky":false,"template":"","format":"standard","meta":{"_acf_changed":false,"footnotes":""},"categories":[73],"tags":[],"class_list":["post-5846","post","type-post","status-publish","format-standard","hentry","category-leis"],"acf":[],"_links":{"self":[{"href":"https:\/\/cordisburgo.mg.gov.br\/legislacao\/wp-json\/wp\/v2\/posts\/5846","targetHints":{"allow":["GET"]}}],"collection":[{"href":"https:\/\/cordisburgo.mg.gov.br\/legislacao\/wp-json\/wp\/v2\/posts"}],"about":[{"href":"https:\/\/cordisburgo.mg.gov.br\/legislacao\/wp-json\/wp\/v2\/types\/post"}],"author":[{"embeddable":true,"href":"https:\/\/cordisburgo.mg.gov.br\/legislacao\/wp-json\/wp\/v2\/users\/1"}],"replies":[{"embeddable":true,"href":"https:\/\/cordisburgo.mg.gov.br\/legislacao\/wp-json\/wp\/v2\/comments?post=5846"}],"version-history":[{"count":0,"href":"https:\/\/cordisburgo.mg.gov.br\/legislacao\/wp-json\/wp\/v2\/posts\/5846\/revisions"}],"wp:attachment":[{"href":"https:\/\/cordisburgo.mg.gov.br\/legislacao\/wp-json\/wp\/v2\/media?parent=5846"}],"wp:term":[{"taxonomy":"category","embeddable":true,"href":"https:\/\/cordisburgo.mg.gov.br\/legislacao\/wp-json\/wp\/v2\/categories?post=5846"},{"taxonomy":"post_tag","embeddable":true,"href":"https:\/\/cordisburgo.mg.gov.br\/legislacao\/wp-json\/wp\/v2\/tags?post=5846"}],"curies":[{"name":"wp","href":"https:\/\/api.w.org\/{rel}","templated":true}]}}