{"id":5531,"date":"2001-07-05T09:24:09","date_gmt":"2001-07-05T12:24:09","guid":{"rendered":"https:\/\/cordisburgo.cam.mg.gov.br\/?p=5531"},"modified":"2001-07-05T09:24:09","modified_gmt":"2001-07-05T12:24:09","slug":"lei-municipal-no-1-338","status":"publish","type":"post","link":"https:\/\/cordisburgo.mg.gov.br\/legislacao\/leis\/lei-municipal-no-1-338\/","title":{"rendered":"Lei Municipal n\u00ba 1.338\/2001."},"content":{"rendered":"<p><a href=\"https:\/\/cordisburgo.cam.mg.gov.br\/wp-content\/uploads\/2019\/04\/Lei-1338_compressed.pdf\">Lei 1338<\/a><\/p>\n<p><strong><u>LEI N\u00ba 1.338, DE 05 DE JULHO DE 2001.<\/u><\/strong><\/p>\n<p>&nbsp;<\/p>\n<p><strong>INSTITUIU O FUNDO MUNICIPAL DE ASSIST\u00caNCIA SOCIAL E D\u00c1 OUTRAS PROVID\u00caNCIAS. <\/strong><\/p>\n<p><strong>\u00a0<\/strong><\/p>\n<p>O Prefeito Municipal de Cordisburgo, no uso de suas atribui\u00e7\u00f5es legais.<\/p>\n<p>Fa\u00e7o saber que a C\u00e2mara Municipal de Cordisburgo, aprovou, e eu, Prefeito Municipal, em seu nome, sanciono a seguinte Lei:<\/p>\n<p>&nbsp;<\/p>\n<p><strong>CAP\u00cdTULO I<\/strong><\/p>\n<p><strong>Se\u00e7\u00e3o I<\/strong><\/p>\n<p><strong>Dos Objetivos<\/strong><\/p>\n<p>&nbsp;<\/p>\n<p>Art. 1\u00ba Fica institu\u00eddo o Fundo Municipal de Assist\u00eancia Social que tem por objetivo criar condi\u00e7\u00f5es financeiras e de ger\u00eancia de recursos destinados ao desenvolvimento das a\u00e7\u00f5es de assist\u00eancia social executadas ou coordenados pela Secretaria Municipal de Assist\u00eancia, Administra\u00e7\u00e3o e Finan\u00e7as.<\/p>\n<p>&nbsp;<\/p>\n<p><strong>CAP\u00cdTULO II<\/strong><\/p>\n<p><strong>Da Administra\u00e7\u00e3o do Fundo<\/strong><\/p>\n<p><strong>Se\u00e7\u00e3o I<\/strong><\/p>\n<p><strong>Da Divulga\u00e7\u00e3o do Fundo<\/strong><\/p>\n<p><strong>\u00a0<\/strong><\/p>\n<p>Art. 2\u00ba O Fundo Municipal de Assist\u00eancia Social ficar\u00e1 vinculado diretamente \u00e0 Secretaria, mencionada no Art. 1\u00ba, desta Lei.<\/p>\n<p>&nbsp;<\/p>\n<p><strong>Se\u00e7\u00e3o II<\/strong><\/p>\n<p><strong>\u00a0<\/strong><\/p>\n<p><strong>Das Atribui\u00e7\u00f5es do Secret\u00e1rio Municipal de Assist\u00eancia, Administra\u00e7\u00e3o e Finan\u00e7as.<\/strong><\/p>\n<p>&nbsp;<\/p>\n<p>Art. 3\u00ba S\u00e3o atribui\u00e7\u00f5es do Secret\u00e1rio Municipal de Assist\u00eancia, administra\u00e7\u00e3o e Finan\u00e7as:<\/p>\n<p>&nbsp;<\/p>\n<p>I \u2013 gerir o Fundo Municipal de Assist\u00eancia Social e estabelecer pol\u00edticas de aplica\u00e7\u00e3o dos recursos em conjunto com o conselho Municipal de Assist\u00eancia Social;<\/p>\n<p>II \u2013 acompanhar, avaliar e decidir sobre a realiza\u00e7\u00e3o das a\u00e7\u00f5es previstas no Plano de Aplica\u00e7\u00e3o do Fundo Municipal de Assist\u00eancia Social;<\/p>\n<p>III \u2013 submeter ao Conselho Municipal de Assist\u00eancia Social o plano de aplica\u00e7\u00e3o a cargo do Fundo, conson\u00e2ncia com o Plano Municipal e com a Lei de Diretrizes Or\u00e7ament\u00e1rias.<\/p>\n<p>IV \u2013 submeter ao Conselho Municipal de Assist\u00eancia Social as demonstra\u00e7\u00f5es mensais de receita e despesas do Fundo;<\/p>\n<p>V \u2013 encaminhar \u00e0 contabilidade geral do \u00d3rg\u00e3o Gestor, as demonstra\u00e7\u00f5es mencionadas no inciso anterior;<\/p>\n<p>VI \u2013 subdelegar compet\u00eancia aos respons\u00e1veis pelos estabelecimentos de presta\u00e7\u00e3o de servi\u00e7os de assist\u00eancia social que integram a rede municipal;<\/p>\n<p>VII \u2013 assinar cheques com o respons\u00e1vel pela Tesouraria, qualquer for o caso;<\/p>\n<p>VIII \u2013 ordenar empenhos e pagamentos das despesas do fundo;<\/p>\n<p>IX \u2013 firmar conv\u00eanios e contratos, inclusive de empr\u00e9stimos, juntamente com entidades assistenciais, creches, APAE\u2019S e afins, referentes a recursos que ser\u00e3o administrados pelo Fundo.<\/p>\n<p>&nbsp;<\/p>\n<p><strong>Se\u00e7\u00e3o III<\/strong><\/p>\n<p><strong>Da Coordena\u00e7\u00e3o do Fundo<\/strong><\/p>\n<p>&nbsp;<\/p>\n<p>Art. 4\u00ba O Fundo ser\u00e1 coordenado pelo Diretor de Departamento de Assist\u00eancia Social.<\/p>\n<p>&nbsp;<\/p>\n<p>Par\u00e1grafo \u00fanico: O Diretor de Departamento de Assist\u00eancia Social ter\u00e1 as seguintes atribui\u00e7\u00f5es:<\/p>\n<p>&nbsp;<\/p>\n<p>I \u2013 preparar as demonstra\u00e7\u00f5es mensais da receita e despesa a serem encaminhadas ao Secret\u00e1rio Municipal de Assist\u00eancia, Administra\u00e7\u00e3o e Finan\u00e7as;<\/p>\n<p>II \u2013 manter os controles necess\u00e1rios \u00e0 execu\u00e7\u00e3o or\u00e7ament\u00e1ria do Fundo referentes a empenhos, liquida\u00e7\u00e3o e pagamento das despesas e aos recebimentos das receitas do Fundo;<\/p>\n<p>III \u2013 manter, em coordena\u00e7\u00e3o com o setor de patrim\u00f4nio da Secretaria de Assist\u00eancia Social, os controles necess\u00e1rios sobre os bens patrimoniais com a carga ao Fundo;<\/p>\n<p>IV \u2013 encaminhar \u00e0 contabilidade geral do Munic\u00edpio:<\/p>\n<p>&nbsp;<\/p>\n<ol>\n<li>mensalmente, as demonstra\u00e7\u00f5es de receitas e despesas;<\/li>\n<li>trimestralmente, os invent\u00e1rios de estoques de medicamentos e de instrumentos m\u00e9dicos;<\/li>\n<li>anualmente, o invent\u00e1rio dos bens m\u00f3veis e im\u00f3veis e o balan\u00e7o geral do Patrim\u00f4nio do Fundo Municipal de Assist\u00eancia Social;<\/li>\n<\/ol>\n<p>&nbsp;<\/p>\n<p>V \u2013 firmar, com o respons\u00e1vel pelos controles da execu\u00e7\u00e3o or\u00e7ament\u00e1ria, as demonstra\u00e7\u00f5es mencionadas anteriormente;<\/p>\n<p>VI \u2013 preparar os relat\u00f3rios de acompanhamento da realiza\u00e7\u00e3o das a\u00e7\u00f5es de assist\u00eancia social para serem submetidos ao Secret\u00e1rio Municipal de Assist\u00eancia, Administra\u00e7\u00e3o e Finan\u00e7as;<\/p>\n<p>VII \u2013 providenciar, junto \u00e0 contabilidade geral os relat\u00f3rios mensais, balan\u00e7os e as demonstra\u00e7\u00f5es que indiquem a situa\u00e7\u00e3o econ\u00f4mico-financeira geral do Fundo Municipal de Assist\u00eancia Social;<\/p>\n<p>VIII \u2013 apresentar, ao Secret\u00e1rio Municipal de Assist\u00eancia Social, os relat\u00f3rios, a an\u00e1lise e a avalia\u00e7\u00e3o da situa\u00e7\u00e3o econ\u00f4mico-financeira do Fundo Municipal de Assist\u00eancia Social, detectada nas demonstra\u00e7\u00f5es mencionadas;<\/p>\n<p>IX \u2013 manter os controles necess\u00e1rios sobre os conv\u00eanios ou contratos de presta\u00e7\u00e3o de servi\u00e7os pelo setor privado e dos empr\u00e9stimos feitos para a \u00e1rea de assist\u00eancia social;<\/p>\n<p>X \u2013 encaminhar mensalmente, ao Secret\u00e1rio Municipal de Assist\u00eancia Social, relat\u00f3rios de acompanhamento e avalia\u00e7\u00e3o da produ\u00e7\u00e3o de servi\u00e7os prestados pelo setor privado na forma mencionada no inciso anterior;<\/p>\n<p>XI \u2013 manter o controle e a avalia\u00e7\u00e3o da produ\u00e7\u00e3o das unidades integrantes da \u00e1rea de assist\u00eancia social;<\/p>\n<p>XII \u2013 encaminhar mensalmente, ao Secret\u00e1rio Municipal de Assist\u00eancia Social, relat\u00f3rios de acompanhamento e avalia\u00e7\u00e3o da produ\u00e7\u00e3o de servi\u00e7os prestados pela entidade social.<\/p>\n<p><strong>\u00a0<\/strong><\/p>\n<p><strong>Se\u00e7\u00e3o IV<\/strong><\/p>\n<p><strong>Dos recursos do Fundo<\/strong><\/p>\n<p><strong>\u00a0<\/strong><\/p>\n<p><strong>Subse\u00e7\u00e3o I<\/strong><\/p>\n<p><strong>Dos Recursos Financeiros<\/strong><\/p>\n<p>&nbsp;<\/p>\n<p>Art. 5\u00ba S\u00e3o recursos do Fundo:<\/p>\n<p>&nbsp;<\/p>\n<p>I \u2013 as transfer\u00eancias de \u00d3rg\u00e3os Federais, Estaduais ou Parcerias;<\/p>\n<p>II \u2013 os rendimentos e os juros provenientes de aplica\u00e7\u00e3o financeiras;<\/p>\n<p>III \u2013 o produto de conv\u00eanios firmados com outras entidades financiadoras;<\/p>\n<p>IV \u2013 as parcelas do produto de arrecada\u00e7\u00e3o de outras receitas pr\u00f3prias oriundas das atividades econ\u00f4micas, de presta\u00e7\u00e3o de servi\u00e7os e de outras transfer\u00eancias que o Fundo Municipal de Assist\u00eancia Social tenha direito a receber por for\u00e7a de lei e de conv\u00eanio no setor;<\/p>\n<p>V \u2013 doa\u00e7\u00f5es em esp\u00e9cie feitas diretamente para este Fundo;<\/p>\n<p>&nbsp;<\/p>\n<ul>\n<li>1\u00ba As receitas descritas neste artigo ser\u00e3o depositadas obrigatoriamente em conta especial a ser aberta e mantida em ag\u00eancia de estabelecimento oficial de cr\u00e9dito.<\/li>\n<\/ul>\n<p>&nbsp;<\/p>\n<ul>\n<li>2\u00ba A aplica\u00e7\u00e3o dos recursos de natureza financeira depender\u00e1:<\/li>\n<\/ul>\n<p>&nbsp;<\/p>\n<p>I \u2013 da exist\u00eancia de disponibilidade em fun\u00e7\u00e3o do cumprimento de programa\u00e7\u00e3o;<\/p>\n<p>II \u2013 de pr\u00e9via aprova\u00e7\u00e3o do Secret\u00e1rio Municipal de Assist\u00eancia Social.<\/p>\n<p>&nbsp;<\/p>\n<p><strong>Subse\u00e7\u00e3o II<\/strong><\/p>\n<p><strong>Dos Ativos do Fundo<\/strong><\/p>\n<p>&nbsp;<\/p>\n<p>Art. 6\u00ba Constituem ativos do Fundo Municipal de Assist\u00eancia Social:<\/p>\n<p>&nbsp;<\/p>\n<p>I \u2013 disponibilidades monet\u00e1rias em bancos ou em caixa especial oriundas das receitas especificadas:<\/p>\n<p>II \u2013 direitos que porventura vier a constituir;<\/p>\n<p>III \u2013 bens m\u00f3veis e im\u00f3veis que forem destinados ao Fundo Municipal de Assist\u00eancia Social;<\/p>\n<p>IV \u2013 bens m\u00f3veis e im\u00f3veis doados, com ou sem \u00f4nus, destinados ao Fundo Municipal de Assist\u00eancia Social;<\/p>\n<p>V \u2013 bens m\u00f3veis e im\u00f3veis destinados \u00e0 administra\u00e7\u00e3o do Fundo Municipal de Assist\u00eancia Social.<\/p>\n<p>&nbsp;<\/p>\n<p>Par\u00e1grafo \u00fanico: Anualmente se processar\u00e1 o invent\u00e1rio dos bens e direitos vinculados ao Fundo.<\/p>\n<p>&nbsp;<\/p>\n<p><strong>Subse\u00e7\u00e3o III<\/strong><\/p>\n<p><strong>Dos Passivos do Fundo.<\/strong><\/p>\n<p>&nbsp;<\/p>\n<p>Art. 7\u00ba Constituem passivos do Fundo Municipal de Assist\u00eancia Social, as obriga\u00e7\u00f5es de qualquer natureza que porventura o Fundo venha a assumir para a manuten\u00e7\u00e3o e o funcionamento do sistema municipal de Assist\u00eancia Social.<\/p>\n<p>&nbsp;<\/p>\n<p><strong>Se\u00e7\u00e3o V<\/strong><\/p>\n<p><strong>Do Or\u00e7amento e da Contabilidade<\/strong><\/p>\n<p>&nbsp;<\/p>\n<p>Art. 8\u00ba O or\u00e7amento do Fundo Municipal de Assist\u00eancia Social evidenciar\u00e1 as pol\u00edticas e o programa de trabalho governamentais, observados o plano plurianual e a lei de diretrizes or\u00e7ament\u00e1rias e os princ\u00edpios de universalidade e do equil\u00edbrio.<\/p>\n<p>&nbsp;<\/p>\n<ul>\n<li>1\u00ba O or\u00e7amento do Fundo Municipal de Assist\u00eancia Social integrar\u00e1 o or\u00e7amento da Secretaria Municipal de Sa\u00fade em obedi\u00eancia ao princ\u00edpio da unidade.<\/li>\n<\/ul>\n<p>&nbsp;<\/p>\n<ul>\n<li>2\u00ba O or\u00e7amento do Fundo Municipal de Assist\u00eancia Social observar\u00e1, na sua elabora\u00e7\u00e3o e na sua execu\u00e7\u00e3o, os padr\u00f5es e as normas estabelecidos na legisla\u00e7\u00e3o pertinente.<\/li>\n<\/ul>\n<p>&nbsp;<\/p>\n<p><strong>Subse\u00e7\u00e3o I<\/strong><\/p>\n<p><strong>Da Contabilidade<\/strong><\/p>\n<p>&nbsp;<\/p>\n<p>Art. 9\u00ba A contabilidade do Fundo Municipal de Assist\u00eancia Social tem por objetivo evidenciar a situa\u00e7\u00e3o financeira, patrimonial e or\u00e7ament\u00e1ria da Prefeitura Municipal de Cordisburgo, observados os padr\u00f5es e as normas estabelecidos na legisla\u00e7\u00e3o pertinente.<\/p>\n<p>&nbsp;<\/p>\n<p>Art. 10. A contabilidade ser\u00e1 organizada de forma a permitir o exerc\u00edcio de suas fun\u00e7\u00f5es de controle pr\u00e9vio, concomitante e subseq\u00fcente, e de informar, inclusive de apropriar e apurar custos dos servi\u00e7os, e, conseq\u00fcentemente, de concretizar o seu objetivo, bem como interpretar e analisar os resultados obtidos.<\/p>\n<p>&nbsp;<\/p>\n<p>Art. 11.\u00a0 A escritura\u00e7\u00e3o cont\u00e1bil ser\u00e1 feita pelo m\u00e9todo das partidas dobradas.<\/p>\n<p>&nbsp;<\/p>\n<ul>\n<li>1\u00ba A contabilidade emitir\u00e1 relat\u00f3rios mensais de gest\u00e3o, inclusive dos custos dos servi\u00e7os.<\/li>\n<\/ul>\n<p>&nbsp;<\/p>\n<ul>\n<li>2\u00ba Entende-se por relat\u00f3rios de gest\u00e3o o balancete mensal de receita e de despesa do Fundo Municipal de Assist\u00eancia Social e demais demonstra\u00e7\u00f5es exigidas pela Administra\u00e7\u00e3o e legisla\u00e7\u00e3o pertinente.<\/li>\n<\/ul>\n<p>&nbsp;<\/p>\n<ul>\n<li>3\u00ba As demonstra\u00e7\u00f5es e os relat\u00f3rios produzidos passar\u00e3o a integrar a contabilidade geral do Munic\u00edpio.<\/li>\n<\/ul>\n<p>&nbsp;<\/p>\n<p><strong>Se\u00e7\u00e3o VI<\/strong><\/p>\n<p><strong>Da Execu\u00e7\u00e3o Or\u00e7ament\u00e1ria<\/strong><\/p>\n<p>&nbsp;<\/p>\n<p><strong>Subse\u00e7\u00e3o I<\/strong><\/p>\n<p><strong>Da Despesa<\/strong><\/p>\n<p>&nbsp;<\/p>\n<p>Art. 12. Imediatamente ap\u00f3s a promulga\u00e7\u00e3o da Lei de Or\u00e7amento, o Secret\u00e1rio Municipal de Assist\u00eancia Social aprovar\u00e1 o quadro de cotas trimestrais, que ser\u00e3o distribu\u00eddas entre as unidades executoras do sistema municipal de assist\u00eancia social.<\/p>\n<p>&nbsp;<\/p>\n<p>Par\u00e1grafo \u00fanico: As cotas trimestrais poder\u00e3o ser alteradas durante o exerc\u00edcio, observados o limite fixado no or\u00e7amento e o comportamento da sua execu\u00e7\u00e3o.<\/p>\n<p>&nbsp;<\/p>\n<p>Art. 13. Nenhuma despesa ser\u00e1 realizada sem a necess\u00e1ria autoriza\u00e7\u00e3o or\u00e7ament\u00e1ria.<\/p>\n<p>&nbsp;<\/p>\n<p>Par\u00e1grafo \u00fanico: Para os casos de insufici\u00eancia e omiss\u00f5es or\u00e7ament\u00e1rias poder\u00e3o ser utilizados os cr\u00e9ditos adicionais suplementares e especiais, autorizados por lei e abertos por decreto do Executivo.<\/p>\n<p>&nbsp;<\/p>\n<p>Art. 14. A despesa do Fundo Municipal de Assist\u00eancia Social se constituir\u00e1 de:<\/p>\n<p>&nbsp;<\/p>\n<p>I \u2013 financiamento total ou parcial de programas integrados de assist\u00eancia desenvolvida pela Secretaria ou com ela conveniados;<\/p>\n<p>II \u2013 pagamento de vencimento, sal\u00e1rios, gratifica\u00e7\u00f5es ao pessoal dos \u00f3rg\u00e3os ou entidades de Administra\u00e7\u00e3o direta ou indireta que participem da execu\u00e7\u00e3o das a\u00e7\u00f5es previstas no art. 1\u00ba da presente lei;<\/p>\n<p>III \u2013 pagamento pela presta\u00e7\u00e3o de servi\u00e7os a entidades de direito privado para execu\u00e7\u00e3o de programas ou projetos espec\u00edficos do setor de assist\u00eancia social;<\/p>\n<p>IV \u2013 aquisi\u00e7\u00e3o de material permanente e de consumo e de outros insumos necess\u00e1rios ao desenvolvimento dos programas;<\/p>\n<p>V \u2013 constru\u00e7\u00e3o, reforma, amplia\u00e7\u00e3o, aquisi\u00e7\u00e3o ou loca\u00e7\u00e3o de im\u00f3veis para adequa\u00e7\u00e3o da rede f\u00edsica de presta\u00e7\u00e3o de servi\u00e7os da \u00e1rea de assist\u00eancia social;<\/p>\n<p>VI \u2013 desenvolvimento e aperfei\u00e7oamento dos instrumentos de gest\u00e3o, planejamento, administra\u00e7\u00e3o e controle das a\u00e7\u00f5es de \u00e1rea de assist\u00eancia social;<\/p>\n<p>VII \u2013 desenvolvimento de programas de capacita\u00e7\u00e3o e aperfei\u00e7oamento de recursos humanos em \u00e1reas de assist\u00eancia social ou da Prefeitura Municipal de Cordisburgo;<\/p>\n<p>VIII \u2013 atendimento de despesas diversas, de car\u00e1ter urgente e inadi\u00e1vel, necess\u00e1rias \u00e0 execu\u00e7\u00e3o das a\u00e7\u00f5es e servi\u00e7os mencionados no art. 1\u00ba da presente Lei.<\/p>\n<p>&nbsp;<\/p>\n<p><strong>\u00a0<\/strong><\/p>\n<p><strong>Subse\u00e7\u00e3o II<\/strong><\/p>\n<p><strong>Das Receitas<\/strong><\/p>\n<p>&nbsp;<\/p>\n<p>Art. 15. A execu\u00e7\u00e3o or\u00e7ament\u00e1ria das receitas se processar\u00e1 atrav\u00e9s da obten\u00e7\u00e3o do seu produto nas fontes destinadas nesta Lei.<\/p>\n<p>&nbsp;<\/p>\n<p>Par\u00e1grafo \u00fanico. As receitas do Fundo Municipal de Assist\u00eancia Social ser\u00e3o liberadas em um prazo de 30 dias.<\/p>\n<p>&nbsp;<\/p>\n<p><strong>CAP\u00cdTULO III<\/strong><\/p>\n<p><strong>Disposi\u00e7\u00f5es Finais<\/strong><\/p>\n<p>&nbsp;<\/p>\n<p>Art. 16. O Fundo Municipal de Assist\u00eancia Social ter\u00e1 vig\u00eancia ilimitada.<\/p>\n<p>&nbsp;<\/p>\n<p>Art. 17. Esta Lei entrar\u00e1 em vigor, na data de sua publica\u00e7\u00e3o, revogadas as disposi\u00e7\u00f5es em contr\u00e1rio.<\/p>\n<p>&nbsp;<\/p>\n<p>Prefeitura Municipal de Cordisburgo, aos 05 de Julho de 2001.<\/p>\n<p>&nbsp;<\/p>\n<p><u>Geraldo Agnaldo da Silva.<\/u><\/p>\n<p>Prefeito Municipal.<\/p>\n","protected":false},"excerpt":{"rendered":"<p>Lei 1338 LEI N\u00ba 1.338, DE 05 DE JULHO DE 2001. &nbsp; INSTITUIU O FUNDO MUNICIPAL DE ASSIST\u00caNCIA SOCIAL E D\u00c1 OUTRAS PROVID\u00caNCIAS. \u00a0 O Prefeito Municipal de Cordisburgo, no uso de suas atribui\u00e7\u00f5es legais. Fa\u00e7o saber que a C\u00e2mara Municipal de Cordisburgo, aprovou, e eu, Prefeito Municipal, em seu nome, sanciono a seguinte Lei: &hellip;<\/p>\n","protected":false},"author":1,"featured_media":0,"comment_status":"open","ping_status":"open","sticky":false,"template":"","format":"standard","meta":{"_acf_changed":false,"footnotes":""},"categories":[73],"tags":[],"class_list":["post-5531","post","type-post","status-publish","format-standard","hentry","category-leis"],"acf":[],"_links":{"self":[{"href":"https:\/\/cordisburgo.mg.gov.br\/legislacao\/wp-json\/wp\/v2\/posts\/5531","targetHints":{"allow":["GET"]}}],"collection":[{"href":"https:\/\/cordisburgo.mg.gov.br\/legislacao\/wp-json\/wp\/v2\/posts"}],"about":[{"href":"https:\/\/cordisburgo.mg.gov.br\/legislacao\/wp-json\/wp\/v2\/types\/post"}],"author":[{"embeddable":true,"href":"https:\/\/cordisburgo.mg.gov.br\/legislacao\/wp-json\/wp\/v2\/users\/1"}],"replies":[{"embeddable":true,"href":"https:\/\/cordisburgo.mg.gov.br\/legislacao\/wp-json\/wp\/v2\/comments?post=5531"}],"version-history":[{"count":0,"href":"https:\/\/cordisburgo.mg.gov.br\/legislacao\/wp-json\/wp\/v2\/posts\/5531\/revisions"}],"wp:attachment":[{"href":"https:\/\/cordisburgo.mg.gov.br\/legislacao\/wp-json\/wp\/v2\/media?parent=5531"}],"wp:term":[{"taxonomy":"category","embeddable":true,"href":"https:\/\/cordisburgo.mg.gov.br\/legislacao\/wp-json\/wp\/v2\/categories?post=5531"},{"taxonomy":"post_tag","embeddable":true,"href":"https:\/\/cordisburgo.mg.gov.br\/legislacao\/wp-json\/wp\/v2\/tags?post=5531"}],"curies":[{"name":"wp","href":"https:\/\/api.w.org\/{rel}","templated":true}]}}