{"id":24453,"date":"2019-04-03T14:57:47","date_gmt":"2019-04-03T17:57:47","guid":{"rendered":"https:\/\/cordisburgo.mg.gov.br\/legislacao\/?p=24453"},"modified":"2019-10-29T10:20:03","modified_gmt":"2019-10-29T13:20:03","slug":"edital001-2019","status":"publish","type":"post","link":"https:\/\/cordisburgo.mg.gov.br\/legislacao\/processo-seletivo\/edital001-2019\/","title":{"rendered":"EDITAL N\u00ba 001\/2019 &#8211; PROCESSO DE ESCOLHA UNIFICADO DOS MEMBROS DO CONSELHO TUTELAR DE CORDISBURGO"},"content":{"rendered":"<p><a href=\"https:\/\/drive.google.com\/file\/d\/1LMg_iVwx1Xg0npCubK0kRRnrpvjMrhdJ\/view?usp=sharing\" target=\"_blank\" rel=\"noopener noreferrer\">EDITAL, ANEXOS E RESOLU\u00c7\u00d5ES<\/a><\/p>\n<p><a href=\"https:\/\/drive.google.com\/file\/d\/1bqEl197_llzycuyw8k1mynvKtoeUIPBp\/view?usp=sharing\" target=\"_blank\" rel=\"noopener noreferrer\">RESOLU\u00c7\u00c3O N\u00ba 004\/2019 &#8211; Rela\u00e7\u00e3o dos candidatos inscritos deferidos e indeferidos e abertura de prazo para impugna\u00e7\u00f5es<\/a><\/p>\n<p><a href=\"https:\/\/drive.google.com\/file\/d\/1V9j9ynImsonH2oppCxjofBjEn0fq6pxs\/view?usp=sharing\" target=\"_blank\" rel=\"noopener noreferrer\">RESOLU\u00c7\u00c3O N\u00ba 007\/2019 &#8211; Rela\u00e7\u00e3o dos candidatos inscritos deferidos no Processo de Escolha do Conselho Tutelar de Cordisburgo<\/a><\/p>\n<p data-raofz=\"18\"><a role=\"link\" href=\"https:\/\/drive.google.com\/file\/d\/1aRb-SYwAVmnMFhcoe0KFG_ZxR_BblDJ7\/view?usp=sharing\" rel=\"noopener noreferrer\" data-raofz=\"18\">RESOLU\u00c7\u00c3O N\u00ba 008\/2019 &#8211; TORNA P\u00daBLICO GABARITO OFICIAL E PROVA EM BRANCO<\/a><\/p>\n<p data-raofz=\"18\"><a role=\"link\" href=\"https:\/\/drive.google.com\/file\/d\/1f9QzbSPTGynELsmLRbQpQtk25oShCDS4\/view?usp=sharing\" rel=\"noopener noreferrer\" data-raofz=\"18\">PROVA EM BRANCO<\/a><\/p>\n<p data-raofz=\"18\"><a role=\"link\" href=\"https:\/\/drive.google.com\/file\/d\/1eAAMONvyrY8hYj26F9CFSuy3wUmy-TDX\/view?usp=sharing\" rel=\"noopener noreferrer\" data-raofz=\"18\">GABARITO OFICIAL<\/a><\/p>\n<p data-raofz=\"18\"><a role=\"link\" href=\"https:\/\/drive.google.com\/file\/d\/1GZSG7uHvXAANZa3jZk5s4qZW-taIsuA6\/view?usp=sharing\" rel=\"noopener noreferrer\" data-raofz=\"18\">RESOLU\u00c7\u00c3O N\u00ba 009\/2019 &#8211; Rela\u00e7\u00e3o dos candidatos aprovados e reprovados na Prova de Conhecimentos<\/a><\/p>\n<p data-raofz=\"18\"><a role=\"link\" href=\"https:\/\/drive.google.com\/file\/d\/1azI5T1q8QAdkbixPzbT8nB84Fr0EtVsB\/view?usp=sharing\" rel=\"noopener noreferrer\" data-raofz=\"18\">RESOLU\u00c7\u00c3O N\u00ba 010\/2019 &#8211; Rela\u00e7\u00e3o dos candidatos aprovados na Prova de Conhecimentos<\/a><\/p>\n<p data-raofz=\"18\"><a role=\"link\" href=\"https:\/\/drive.google.com\/file\/d\/1-5CkRAReDxvKyA_ct9DODD8RnRNCIeDe\/view?usp=sharing\" rel=\"noopener noreferrer\" data-raofz=\"18\">RESOLU\u00c7\u00c3O N\u00ba 011\/2019 \u2013 Lista definitiva dos candidatos habilitados, constando nome completo de cada um, com indica\u00e7\u00e3o do respectivo n\u00famero e do nome, codinome ou apelido que ser\u00e1 utilizado na c\u00e9dula de vota\u00e7\u00e3o do Processo de Escolha do Conselho Tutelar de Cordisburgo\/MG.<\/a><\/p>\n<p data-raofz=\"18\"><a href=\"https:\/\/drive.google.com\/file\/d\/1vPZjpRKHwvD2JidP3fn4FyJ9j0SG3jK0\/view?usp=sharing\" target=\"_blank\" rel=\"noopener noreferrer\">RESOLU\u00c7\u00c3O N\u00ba 012\/2019 &#8211; Resultado da Mesa de Vota\u00e7\u00e3o do Processo de Escolha do Conselho Tutelar de Cordisburgo\/MG.<\/a><\/p>\n<p data-raofz=\"18\"><a role=\"link\" href=\"https:\/\/drive.google.com\/file\/d\/1b2c7B2pve4XMwMsrBmlUOL0a-r9RBsQH\/view?usp=sharing\" rel=\"noopener noreferrer\" data-raofz=\"18\">RESOLU\u00c7\u00c3O N\u00ba 013\/2019 &#8211; Resultado Final do Processo de Escolha do Conselho Tutelar de Cordisburgo\/MG<\/a><\/p>\n","protected":false},"excerpt":{"rendered":"<p>EDITAL, ANEXOS E RESOLU\u00c7\u00d5ES RESOLU\u00c7\u00c3O N\u00ba 004\/2019 &#8211; Rela\u00e7\u00e3o dos candidatos inscritos deferidos e indeferidos e abertura de prazo para impugna\u00e7\u00f5es RESOLU\u00c7\u00c3O N\u00ba 007\/2019 &#8211; Rela\u00e7\u00e3o dos candidatos inscritos deferidos no Processo de Escolha do Conselho Tutelar de Cordisburgo RESOLU\u00c7\u00c3O N\u00ba 008\/2019 &#8211; TORNA P\u00daBLICO GABARITO OFICIAL E PROVA EM BRANCO PROVA EM BRANCO GABARITO &hellip;<\/p>\n","protected":false},"author":1,"featured_media":0,"comment_status":"closed","ping_status":"open","sticky":false,"template":"","format":"standard","meta":{"_acf_changed":false,"footnotes":""},"categories":[66],"tags":[],"class_list":["post-24453","post","type-post","status-publish","format-standard","hentry","category-processo-seletivo"],"acf":[],"_links":{"self":[{"href":"https:\/\/cordisburgo.mg.gov.br\/legislacao\/wp-json\/wp\/v2\/posts\/24453","targetHints":{"allow":["GET"]}}],"collection":[{"href":"https:\/\/cordisburgo.mg.gov.br\/legislacao\/wp-json\/wp\/v2\/posts"}],"about":[{"href":"https:\/\/cordisburgo.mg.gov.br\/legislacao\/wp-json\/wp\/v2\/types\/post"}],"author":[{"embeddable":true,"href":"https:\/\/cordisburgo.mg.gov.br\/legislacao\/wp-json\/wp\/v2\/users\/1"}],"replies":[{"embeddable":true,"href":"https:\/\/cordisburgo.mg.gov.br\/legislacao\/wp-json\/wp\/v2\/comments?post=24453"}],"version-history":[{"count":10,"href":"https:\/\/cordisburgo.mg.gov.br\/legislacao\/wp-json\/wp\/v2\/posts\/24453\/revisions"}],"predecessor-version":[{"id":24757,"href":"https:\/\/cordisburgo.mg.gov.br\/legislacao\/wp-json\/wp\/v2\/posts\/24453\/revisions\/24757"}],"wp:attachment":[{"href":"https:\/\/cordisburgo.mg.gov.br\/legislacao\/wp-json\/wp\/v2\/media?parent=24453"}],"wp:term":[{"taxonomy":"category","embeddable":true,"href":"https:\/\/cordisburgo.mg.gov.br\/legislacao\/wp-json\/wp\/v2\/categories?post=24453"},{"taxonomy":"post_tag","embeddable":true,"href":"https:\/\/cordisburgo.mg.gov.br\/legislacao\/wp-json\/wp\/v2\/tags?post=24453"}],"curies":[{"name":"wp","href":"https:\/\/api.w.org\/{rel}","templated":true}]}}